{"id":8666,"date":"2020-09-29T14:57:00","date_gmt":"2020-09-29T12:57:00","guid":{"rendered":"https:\/\/www.caman.swiss\/histoire-de-caman\/"},"modified":"2023-01-11T12:27:23","modified_gmt":"2023-01-11T11:27:23","slug":"histoire-de-caman","status":"publish","type":"post","link":"https:\/\/www.caman.swiss\/fr\/histoire-de-caman\/","title":{"rendered":"L&rsquo;histoire de Caman"},"content":{"rendered":"<h2>Origines<\/h2>\n<p>2007 \u00e0 Sion en Suisse, <a href=\"https:\/\/www.imdb.com\/name\/nm1313986\/\" target=\"_blank\" rel=\"noopener noreferrer\">Camille Cottagnoud<\/a> est un chef-op\u00e9rateur exigeant et cr\u00e9atif.<\/p>\n<p>En tant que professionnel de l\u2019image exp\u00e9riment\u00e9, il se rend compte que les \u00e9quipements existants sur le march\u00e9 ne lui permettent pas d\u2019exploiter au maximum les performances de son mat\u00e9riel et ne lui apportent pas un confort optimal.<\/p>\n<p>De ce constat, il imagine un outil pour cam\u00e9ras qui r\u00e9pondrait au mieux \u00e0 ces attentes, pour rendre le travail de chef-op\u00e9rateur techniquement plus efficient et intuitif.<\/p>\n<h2>\u00c9volution<\/h2>\n<p>Camille Cottagnoud commence donc par un point essentiel\u00a0: l\u2019ergonomie. Il cr\u00e9e et fa\u00e7onne des prototypes de poign\u00e9e pour rendre le port de la cam\u00e9ra plus confortable, notamment sur les tournages en immersion o\u00f9 l\u2019op\u00e9rateur doit parfois tenir sa cam\u00e9ra pendant de longues heures.<\/p>\n\n<figure class=\"wp-block-gallery has-nested-images columns-8 is-cropped wp-block-gallery-1 is-layout-flex wp-block-gallery-is-layout-flex\">\n<figure class=\"wp-block-image size-large\"><a href=\"https:\/\/www.caman.swiss\/wp-content\/uploads\/2020\/09\/Prototype-Caman-2011.png\"><img loading=\"lazy\" decoding=\"async\" width=\"600\" height=\"600\" data-id=\"8645\" src=\"https:\/\/www.caman.swiss\/wp-content\/uploads\/2020\/09\/Prototype-Caman-2011.png\" alt=\"Prototype de poign&#xE9;e Caman en 2011\" class=\"wp-image-8645\" srcset=\"https:\/\/www.caman.swiss\/wp-content\/uploads\/2020\/09\/Prototype-Caman-2011.png 600w, https:\/\/www.caman.swiss\/wp-content\/uploads\/2020\/09\/Prototype-Caman-2011-300x300.png 300w, https:\/\/www.caman.swiss\/wp-content\/uploads\/2020\/09\/Prototype-Caman-2011-100x100.png 100w\" sizes=\"auto, (max-width: 600px) 100vw, 600px\" \/><\/a><figcaption class=\"wp-element-caption\">2011<\/figcaption><\/figure>\n\n\n<figure class=\"wp-block-image size-large\"><a href=\"https:\/\/www.caman.swiss\/wp-content\/uploads\/2020\/09\/Prototype-Caman-2012.png\"><img loading=\"lazy\" decoding=\"async\" width=\"600\" height=\"600\" data-id=\"8641\" src=\"https:\/\/www.caman.swiss\/wp-content\/uploads\/2020\/09\/Prototype-Caman-2012.png\" alt=\"Prototype de poign&#xE9;e Caman en 2012\" class=\"wp-image-8641\" srcset=\"https:\/\/www.caman.swiss\/wp-content\/uploads\/2020\/09\/Prototype-Caman-2012.png 600w, https:\/\/www.caman.swiss\/wp-content\/uploads\/2020\/09\/Prototype-Caman-2012-300x300.png 300w, https:\/\/www.caman.swiss\/wp-content\/uploads\/2020\/09\/Prototype-Caman-2012-100x100.png 100w\" sizes=\"auto, (max-width: 600px) 100vw, 600px\" \/><\/a><figcaption class=\"wp-element-caption\">2012<\/figcaption><\/figure>\n\n\n<figure class=\"wp-block-image size-large\"><a href=\"https:\/\/www.caman.swiss\/wp-content\/uploads\/2020\/09\/Prototype-Caman-2013.png\"><img loading=\"lazy\" decoding=\"async\" width=\"600\" height=\"600\" data-id=\"8637\" src=\"https:\/\/www.caman.swiss\/wp-content\/uploads\/2020\/09\/Prototype-Caman-2013.png\" alt=\"Prototype de poign&#xE9;e Caman en 2013\" class=\"wp-image-8637\" srcset=\"https:\/\/www.caman.swiss\/wp-content\/uploads\/2020\/09\/Prototype-Caman-2013.png 600w, https:\/\/www.caman.swiss\/wp-content\/uploads\/2020\/09\/Prototype-Caman-2013-300x300.png 300w, https:\/\/www.caman.swiss\/wp-content\/uploads\/2020\/09\/Prototype-Caman-2013-100x100.png 100w\" sizes=\"auto, (max-width: 600px) 100vw, 600px\" \/><\/a><figcaption class=\"wp-element-caption\">2013<\/figcaption><\/figure>\n\n\n<figure class=\"wp-block-image size-large\"><a href=\"https:\/\/www.caman.swiss\/wp-content\/uploads\/2020\/09\/Prototype-Caman-2014.png\"><img loading=\"lazy\" decoding=\"async\" width=\"600\" height=\"600\" data-id=\"8633\" src=\"https:\/\/www.caman.swiss\/wp-content\/uploads\/2020\/09\/Prototype-Caman-2014.png\" alt=\"Prototype de poign&#xE9;e Caman en 2014\" class=\"wp-image-8633\" srcset=\"https:\/\/www.caman.swiss\/wp-content\/uploads\/2020\/09\/Prototype-Caman-2014.png 600w, https:\/\/www.caman.swiss\/wp-content\/uploads\/2020\/09\/Prototype-Caman-2014-300x300.png 300w, https:\/\/www.caman.swiss\/wp-content\/uploads\/2020\/09\/Prototype-Caman-2014-100x100.png 100w\" sizes=\"auto, (max-width: 600px) 100vw, 600px\" \/><\/a><figcaption class=\"wp-element-caption\">2014<\/figcaption><\/figure>\n\n\n<figure class=\"wp-block-image size-large\"><a href=\"https:\/\/www.caman.swiss\/wp-content\/uploads\/2020\/09\/Prototype-Caman-2015.png\"><img loading=\"lazy\" decoding=\"async\" width=\"600\" height=\"600\" data-id=\"8629\" src=\"https:\/\/www.caman.swiss\/wp-content\/uploads\/2020\/09\/Prototype-Caman-2015.png\" alt=\"Prototype de poign&#xE9;e Caman en 2015\" class=\"wp-image-8629\" srcset=\"https:\/\/www.caman.swiss\/wp-content\/uploads\/2020\/09\/Prototype-Caman-2015.png 600w, https:\/\/www.caman.swiss\/wp-content\/uploads\/2020\/09\/Prototype-Caman-2015-300x300.png 300w, https:\/\/www.caman.swiss\/wp-content\/uploads\/2020\/09\/Prototype-Caman-2015-100x100.png 100w\" sizes=\"auto, (max-width: 600px) 100vw, 600px\" \/><\/a><figcaption class=\"wp-element-caption\">2015<\/figcaption><\/figure>\n\n\n<figure class=\"wp-block-image size-large\"><a href=\"https:\/\/www.caman.swiss\/wp-content\/uploads\/2020\/09\/Prototype-Caman-2017.png\"><img loading=\"lazy\" decoding=\"async\" width=\"600\" height=\"600\" data-id=\"8621\" src=\"https:\/\/www.caman.swiss\/wp-content\/uploads\/2020\/09\/Prototype-Caman-2017.png\" alt=\"Prototype de poign&#xE9;e Caman en 2017\" class=\"wp-image-8621\" srcset=\"https:\/\/www.caman.swiss\/wp-content\/uploads\/2020\/09\/Prototype-Caman-2017.png 600w, https:\/\/www.caman.swiss\/wp-content\/uploads\/2020\/09\/Prototype-Caman-2017-300x300.png 300w, https:\/\/www.caman.swiss\/wp-content\/uploads\/2020\/09\/Prototype-Caman-2017-100x100.png 100w\" sizes=\"auto, (max-width: 600px) 100vw, 600px\" \/><\/a><figcaption class=\"wp-element-caption\">2017<\/figcaption><\/figure>\n\n\n<figure class=\"wp-block-image size-large\"><a href=\"https:\/\/www.caman.swiss\/wp-content\/uploads\/2020\/09\/Prototype-Caman-2018.png\"><img loading=\"lazy\" decoding=\"async\" width=\"600\" height=\"600\" data-id=\"8617\" src=\"https:\/\/www.caman.swiss\/wp-content\/uploads\/2020\/09\/Prototype-Caman-2018.png\" alt=\"Prototype de poign&#xE9;e Caman en 2018\" class=\"wp-image-8617\" srcset=\"https:\/\/www.caman.swiss\/wp-content\/uploads\/2020\/09\/Prototype-Caman-2018.png 600w, https:\/\/www.caman.swiss\/wp-content\/uploads\/2020\/09\/Prototype-Caman-2018-300x300.png 300w, https:\/\/www.caman.swiss\/wp-content\/uploads\/2020\/09\/Prototype-Caman-2018-100x100.png 100w\" sizes=\"auto, (max-width: 600px) 100vw, 600px\" \/><\/a><figcaption class=\"wp-element-caption\">2018<\/figcaption><\/figure>\n\n\n<figure class=\"wp-block-image size-large\"><a href=\"https:\/\/www.caman.swiss\/wp-content\/uploads\/2020\/09\/Prototype-Caman-2019.png\"><img loading=\"lazy\" decoding=\"async\" width=\"600\" height=\"600\" data-id=\"8613\" src=\"https:\/\/www.caman.swiss\/wp-content\/uploads\/2020\/09\/Prototype-Caman-2019.png\" alt=\"Vue 3D de la Caman S GRIP PRO en 2019\" class=\"wp-image-8613\" srcset=\"https:\/\/www.caman.swiss\/wp-content\/uploads\/2020\/09\/Prototype-Caman-2019.png 600w, https:\/\/www.caman.swiss\/wp-content\/uploads\/2020\/09\/Prototype-Caman-2019-300x300.png 300w, https:\/\/www.caman.swiss\/wp-content\/uploads\/2020\/09\/Prototype-Caman-2019-100x100.png 100w\" sizes=\"auto, (max-width: 600px) 100vw, 600px\" \/><\/a><figcaption class=\"wp-element-caption\">2019<\/figcaption><\/figure><\/figure>\n<p>D\u2019une simple poign\u00e9e, ses essais l\u2019am\u00e8nent \u00e0  d\u00e9velopper un syst\u00e8me innovant, permettant de l\u2019ajuster \u00e0 la taille de main de son utilisateur, pour une bonne tenue, m\u00eame avec des gants. De cette mani\u00e8re, il anticipe \u00e9galement le contr\u00f4le optimal d\u2019une cam\u00e9ra gr\u00e2ce \u00e0 des boutons parfaitement align\u00e9s aux doigts du cam\u00e9raman.<\/p>\n<p>Avec l\u2019\u00e9volution des technologies, la poign\u00e9e b\u00e9n\u00e9ficie des possibilit\u00e9s apport\u00e9es par les imprimantes 3D pour voir sa silhouette s\u2019affiner, jusqu\u2019\u00e0 \u00e9pouser au mieux la forme de la main et offrir un confort in\u00e9dit.<\/p>\n<p><img loading=\"lazy\" decoding=\"async\" class=\"aligncenter size-medium wp-image-8524\" src=\"https:\/\/www.caman.swiss\/wp-content\/uploads\/2020\/09\/Sebastien-Angot-Caman-handle-grip-remote-control-for-video-cameras-1-600x375.jpg\" alt=\"Cam\u00e9raman configurant sa poign\u00e9e cam\u00e9ra S GRIP PRO avec un MacBook\" width=\"600\" height=\"375\" srcset=\"https:\/\/www.caman.swiss\/wp-content\/uploads\/2020\/09\/Sebastien-Angot-Caman-handle-grip-remote-control-for-video-cameras-1-600x375.jpg 600w, https:\/\/www.caman.swiss\/wp-content\/uploads\/2020\/09\/Sebastien-Angot-Caman-handle-grip-remote-control-for-video-cameras-1-650x406.jpg 650w, https:\/\/www.caman.swiss\/wp-content\/uploads\/2020\/09\/Sebastien-Angot-Caman-handle-grip-remote-control-for-video-cameras-1-768x480.jpg 768w, https:\/\/www.caman.swiss\/wp-content\/uploads\/2020\/09\/Sebastien-Angot-Caman-handle-grip-remote-control-for-video-cameras-1.jpg 800w\" sizes=\"auto, (max-width: 600px) 100vw, 600px\" \/><\/p>\n<p>C\u2019est en collaborant avec <a href=\"https:\/\/www.caman.swiss\/fr\/a-propos-de-cameratools-ltd-switzerland\/\" target=\"_blank\" rel=\"noopener noreferrer\">S\u00e9bastien Angot<\/a>, ing\u00e9nieur en informatique, que la Caman S GRIP PRO commence r\u00e9ellement \u00e0 voir le jour. Ensemble, ils d\u00e9veloppent un concept de <a href=\"https:\/\/www.caman.swiss\/fr\/\" target=\"_blank\" rel=\"noopener\">poign\u00e9e-t\u00e9l\u00e9commande personnalisable<\/a> pour que le cam\u00e9raman, gr\u00e2ce \u00e0 ses propres r\u00e9glages, puisse filmer de mani\u00e8re plus instinctive en se concentrant uniquement sur l\u2019image.<\/p>\n<p>C\u2019est donc une couche d\u2019intelligence et d\u2019ing\u00e9niosit\u00e9 qui s\u2019ajoute ensuite \u00e0 ce produit pour le transformer en une poign\u00e9e de contr\u00f4le, \u00e0 l\u2019instar d\u2019une t\u00e9l\u00e9commande, le confort et la personnalisation en plus. Pour la premi\u00e8re fois, l\u2019op\u00e9rateur peut utiliser les cinq doigts de la main pour piloter sa cam\u00e9ra et atteindre, gr\u00e2ce \u00e0 des combinaisons de touches, toutes les fonctions possibles.<\/p>\n<p><img loading=\"lazy\" decoding=\"async\" class=\"aligncenter size-medium wp-image-8511\" src=\"https:\/\/www.caman.swiss\/wp-content\/uploads\/2020\/09\/Caman-handle-3d-printer-600x347.jpg\" alt=\"Impression 3D \u00e0 l'aide d'une imprimante 3D Ultimaker\" width=\"600\" height=\"347\" srcset=\"https:\/\/www.caman.swiss\/wp-content\/uploads\/2020\/09\/Caman-handle-3d-printer-600x347.jpg 600w, https:\/\/www.caman.swiss\/wp-content\/uploads\/2020\/09\/Caman-handle-3d-printer-650x376.jpg 650w, https:\/\/www.caman.swiss\/wp-content\/uploads\/2020\/09\/Caman-handle-3d-printer-768x444.jpg 768w, https:\/\/www.caman.swiss\/wp-content\/uploads\/2020\/09\/Caman-handle-3d-printer.jpg 800w\" sizes=\"auto, (max-width: 600px) 100vw, 600px\" \/><\/p>\n<h2>Production<\/h2>\n<p>En 2018, les derniers prototypes de la poign\u00e9e S GRIP PRO sont test\u00e9s et approuv\u00e9s par plusieurs cameramen sur le terrain. L\u2019\u00e9quipe lance donc la production, artisanale, o\u00f9 tout est contr\u00f4l\u00e9 \u00e0 chaque \u00e9tape du processus de fabrication pour garantir les meilleures performances.<\/p>\n<p>En parall\u00e8le, Camille Cottagnoud travaille l\u2019ergonomie entre la poign\u00e9e et la cam\u00e9ra. Pour pallier le probl\u00e8me de raideurs dans le bras dus \u00e0 une mauvaise position ou \u00e0 une position fixe prolong\u00e9e, il imagine un syst\u00e8me de Rig dont on pourrait changer la position rapidement et facilement. Gr\u00e2ce \u00e0 une pi\u00e8ce sp\u00e9cialement con\u00e7ue, il finit par obtenir un Rig aux multiples configurations possibles, dont la position est ajustable d\u2019un simple geste, sans avoir \u00e0 d\u00e9visser ou d\u00e9brayer les articulations.<\/p>\n<p><img loading=\"lazy\" decoding=\"async\" class=\"aligncenter size-medium wp-image-8529\" src=\"https:\/\/www.caman.swiss\/wp-content\/uploads\/2020\/09\/Caman-professional-video-camera-rig-insert-mounting-plate-600x338.jpg\" alt=\"Vue 3D du bras rig Caman\" width=\"600\" height=\"338\" srcset=\"https:\/\/www.caman.swiss\/wp-content\/uploads\/2020\/09\/Caman-professional-video-camera-rig-insert-mounting-plate-600x338.jpg 600w, https:\/\/www.caman.swiss\/wp-content\/uploads\/2020\/09\/Caman-professional-video-camera-rig-insert-mounting-plate-650x366.jpg 650w, https:\/\/www.caman.swiss\/wp-content\/uploads\/2020\/09\/Caman-professional-video-camera-rig-insert-mounting-plate-768x432.jpg 768w, https:\/\/www.caman.swiss\/wp-content\/uploads\/2020\/09\/Caman-professional-video-camera-rig-insert-mounting-plate.jpg 800w\" sizes=\"auto, (max-width: 600px) 100vw, 600px\" \/><\/p>\n<h2>Valeurs<\/h2>\n<p>D\u00e8s le d\u00e9part en d\u00e9veloppant la S GRIP PRO, Camille Cottagnoud souhaite r\u00e9pondre \u00e0 un maximum de contraintes rencontr\u00e9es sur le terrain. Avec la volont\u00e9 de proposer un produit irr\u00e9prochable, il ne fait donc aucun compromis, sur aucun aspect. La soci\u00e9t\u00e9 collabore avec des entreprises locales et installe son atelier pr\u00e8s de Sion, dans la r\u00e9gion du Valais, pour b\u00e9n\u00e9ficier du savoir-faire suisse, pays de l\u2019horlogerie.<\/p>\n<p>Il lui faudra pr\u00e8s de 13 ans pour concr\u00e9tiser son id\u00e9e et signer un produit sans \u00e9quivalent, adaptable \u00e0 la taille de la main, r\u00e9sistant aux conditions climatiques, utilisable comme tr\u00e9pied&#8230; Un objet unique, sans doute le plus abouti et le plus complet en terme de <a href=\"https:\/\/www.caman.swiss\/fr\/caman-la-poignee-professionnelle-pour-camera\/\" target=\"_blank\" rel=\"noopener noreferrer\">poign\u00e9e de commande pour cam\u00e9ra<\/a>, qui a de quoi ravir les cameramen les plus exigeants.<\/p>\n<p><!-- \/wp:post-content --><\/p>\n","protected":false},"excerpt":{"rendered":"<p>Origines 2007 \u00e0 Sion en Suisse, Camille Cottagnoud est un chef-op\u00e9rateur exigeant et cr\u00e9atif. En tant que professionnel de l\u2019image exp\u00e9riment\u00e9, il se rend compte que les \u00e9quipements existants sur le march\u00e9 ne lui permettent pas d\u2019exploiter au maximum les performances de son mat\u00e9riel et ne lui apportent pas un confort optimal. De ce constat, [&hellip;]<\/p>\n","protected":false},"author":1,"featured_media":8864,"comment_status":"closed","ping_status":"open","sticky":false,"template":"","format":"standard","meta":{"inline_featured_image":false,"footnotes":""},"categories":[490],"tags":[],"class_list":["post-8666","post","type-post","status-publish","format-standard","has-post-thumbnail","hentry","category-blog-fr"],"featured_image_src":"https:\/\/www.caman.swiss\/wp-content\/uploads\/2020\/09\/Caman-the-history-of-this-swiss-innovation.jpg","author_info":{"display_name":"S\u00e9bastien Angot","author_link":"https:\/\/www.caman.swiss\/fr\/author\/sebastien-angot\/"},"yoast_head":"<!-- This site is optimized with the Yoast SEO Premium plugin v26.4 (Yoast SEO v26.4) - https:\/\/yoast.com\/wordpress\/plugins\/seo\/ -->\n<title>Caman : Histoire d&#039;une marque Suisse<\/title>\n<meta name=\"description\" content=\"La marque Caman est originaire des Alpes suisses, o\u00f9 un directeur de la photographie cherchait un \u00e9quipement cam\u00e9ra meilleur et plus confortable.\" \/>\n<meta name=\"robots\" content=\"index, follow, max-snippet:-1, max-image-preview:large, max-video-preview:-1\" \/>\n<link rel=\"canonical\" href=\"https:\/\/www.caman.swiss\/fr\/histoire-de-caman\/\" \/>\n<meta property=\"og:locale\" content=\"fr_FR\" \/>\n<meta property=\"og:type\" content=\"article\" \/>\n<meta property=\"og:title\" content=\"L&#039;histoire de Caman\" \/>\n<meta property=\"og:description\" content=\"Origines 2007 \u00e0 Sion en Suisse, Camille Cottagnoud est un chef-op\u00e9rateur exigeant et cr\u00e9atif. En tant que professionnel de l\u2019image exp\u00e9riment\u00e9, il se rend\" \/>\n<meta property=\"og:url\" content=\"https:\/\/www.caman.swiss\/fr\/histoire-de-caman\/\" \/>\n<meta property=\"og:site_name\" content=\"Caman\" \/>\n<meta property=\"article:publisher\" content=\"https:\/\/www.facebook.com\/Caman.Swiss\" \/>\n<meta property=\"article:published_time\" content=\"2020-09-29T12:57:00+00:00\" \/>\n<meta property=\"article:modified_time\" content=\"2023-01-11T11:27:23+00:00\" \/>\n<meta property=\"og:image\" content=\"https:\/\/www.caman.swiss\/wp-content\/uploads\/2020\/09\/Caman-the-history-of-this-swiss-innovation.jpg\" \/>\n\t<meta property=\"og:image:width\" content=\"1200\" \/>\n\t<meta property=\"og:image:height\" content=\"800\" \/>\n\t<meta property=\"og:image:type\" content=\"image\/jpeg\" \/>\n<meta name=\"author\" content=\"S\u00e9bastien Angot\" \/>\n<meta name=\"twitter:card\" content=\"summary_large_image\" \/>\n<meta name=\"twitter:creator\" content=\"@CamanSwiss\" \/>\n<meta name=\"twitter:site\" content=\"@CamanSwiss\" \/>\n<meta name=\"twitter:label1\" content=\"\u00c9crit par\" \/>\n\t<meta name=\"twitter:data1\" content=\"S\u00e9bastien Angot\" \/>\n\t<meta name=\"twitter:label2\" content=\"Dur\u00e9e de lecture estim\u00e9e\" \/>\n\t<meta name=\"twitter:data2\" content=\"3 minutes\" \/>\n<script type=\"application\/ld+json\" class=\"yoast-schema-graph\">{\"@context\":\"https:\/\/schema.org\",\"@graph\":[{\"@type\":\"Article\",\"@id\":\"https:\/\/www.caman.swiss\/fr\/histoire-de-caman\/#article\",\"isPartOf\":{\"@id\":\"https:\/\/www.caman.swiss\/fr\/histoire-de-caman\/\"},\"author\":{\"name\":\"S\u00e9bastien Angot\",\"@id\":\"https:\/\/www.caman.swiss\/fr\/#\/schema\/person\/853b5a072ef0a740663dd9493e04ff6d\"},\"headline\":\"L&rsquo;histoire de Caman\",\"datePublished\":\"2020-09-29T12:57:00+00:00\",\"dateModified\":\"2023-01-11T11:27:23+00:00\",\"mainEntityOfPage\":{\"@id\":\"https:\/\/www.caman.swiss\/fr\/histoire-de-caman\/\"},\"wordCount\":659,\"publisher\":{\"@id\":\"https:\/\/www.caman.swiss\/fr\/#organization\"},\"image\":{\"@id\":\"https:\/\/www.caman.swiss\/fr\/histoire-de-caman\/#primaryimage\"},\"thumbnailUrl\":\"https:\/\/www.caman.swiss\/wp-content\/uploads\/2020\/09\/Caman-the-history-of-this-swiss-innovation.jpg\",\"articleSection\":[\"Blog\"],\"inLanguage\":\"fr-FR\"},{\"@type\":\"WebPage\",\"@id\":\"https:\/\/www.caman.swiss\/fr\/histoire-de-caman\/\",\"url\":\"https:\/\/www.caman.swiss\/fr\/histoire-de-caman\/\",\"name\":\"Caman : Histoire d'une marque Suisse\",\"isPartOf\":{\"@id\":\"https:\/\/www.caman.swiss\/fr\/#website\"},\"primaryImageOfPage\":{\"@id\":\"https:\/\/www.caman.swiss\/fr\/histoire-de-caman\/#primaryimage\"},\"image\":{\"@id\":\"https:\/\/www.caman.swiss\/fr\/histoire-de-caman\/#primaryimage\"},\"thumbnailUrl\":\"https:\/\/www.caman.swiss\/wp-content\/uploads\/2020\/09\/Caman-the-history-of-this-swiss-innovation.jpg\",\"datePublished\":\"2020-09-29T12:57:00+00:00\",\"dateModified\":\"2023-01-11T11:27:23+00:00\",\"description\":\"La marque Caman est originaire des Alpes suisses, o\u00f9 un directeur de la photographie cherchait un \u00e9quipement cam\u00e9ra meilleur et plus confortable.\",\"breadcrumb\":{\"@id\":\"https:\/\/www.caman.swiss\/fr\/histoire-de-caman\/#breadcrumb\"},\"inLanguage\":\"fr-FR\",\"potentialAction\":[{\"@type\":\"ReadAction\",\"target\":[\"https:\/\/www.caman.swiss\/fr\/histoire-de-caman\/\"]}]},{\"@type\":\"ImageObject\",\"inLanguage\":\"fr-FR\",\"@id\":\"https:\/\/www.caman.swiss\/fr\/histoire-de-caman\/#primaryimage\",\"url\":\"https:\/\/www.caman.swiss\/wp-content\/uploads\/2020\/09\/Caman-the-history-of-this-swiss-innovation.jpg\",\"contentUrl\":\"https:\/\/www.caman.swiss\/wp-content\/uploads\/2020\/09\/Caman-the-history-of-this-swiss-innovation.jpg\",\"width\":1200,\"height\":800},{\"@type\":\"BreadcrumbList\",\"@id\":\"https:\/\/www.caman.swiss\/fr\/histoire-de-caman\/#breadcrumb\",\"itemListElement\":[{\"@type\":\"ListItem\",\"position\":1,\"name\":\"Accueil\",\"item\":\"https:\/\/www.caman.swiss\/fr\/\"},{\"@type\":\"ListItem\",\"position\":2,\"name\":\"L&rsquo;histoire de Caman\"}]},{\"@type\":\"WebSite\",\"@id\":\"https:\/\/www.caman.swiss\/fr\/#website\",\"url\":\"https:\/\/www.caman.swiss\/fr\/\",\"name\":\"Caman.Swiss\",\"description\":\"Handle it!\",\"publisher\":{\"@id\":\"https:\/\/www.caman.swiss\/fr\/#organization\"},\"potentialAction\":[{\"@type\":\"SearchAction\",\"target\":{\"@type\":\"EntryPoint\",\"urlTemplate\":\"https:\/\/www.caman.swiss\/fr\/?s={search_term_string}\"},\"query-input\":{\"@type\":\"PropertyValueSpecification\",\"valueRequired\":true,\"valueName\":\"search_term_string\"}}],\"inLanguage\":\"fr-FR\"},{\"@type\":\"Organization\",\"@id\":\"https:\/\/www.caman.swiss\/fr\/#organization\",\"name\":\"Caman.Swiss\",\"alternateName\":\"CameraTools Ltd (Switzerland)\",\"url\":\"https:\/\/www.caman.swiss\/fr\/\",\"logo\":{\"@type\":\"ImageObject\",\"inLanguage\":\"fr-FR\",\"@id\":\"https:\/\/www.caman.swiss\/fr\/#\/schema\/logo\/image\/\",\"url\":\"https:\/\/www.caman.swiss\/wp-content\/uploads\/2022\/12\/Logo_Caman_noir_137px.svg\",\"contentUrl\":\"https:\/\/www.caman.swiss\/wp-content\/uploads\/2022\/12\/Logo_Caman_noir_137px.svg\",\"width\":\"1024\",\"height\":\"1024\",\"caption\":\"Caman.Swiss\"},\"image\":{\"@id\":\"https:\/\/www.caman.swiss\/fr\/#\/schema\/logo\/image\/\"},\"sameAs\":[\"https:\/\/www.facebook.com\/Caman.Swiss\",\"https:\/\/x.com\/CamanSwiss\",\"https:\/\/www.instagram.com\/Caman.Swiss\",\"https:\/\/www.linkedin.com\/company\/caman-swiss\/\",\"https:\/\/www.youtube.com\/channel\/UCMdqKvS3KJMB_f0sCmLTikg\"]},{\"@type\":\"Person\",\"@id\":\"https:\/\/www.caman.swiss\/fr\/#\/schema\/person\/853b5a072ef0a740663dd9493e04ff6d\",\"name\":\"S\u00e9bastien Angot\",\"image\":{\"@type\":\"ImageObject\",\"inLanguage\":\"fr-FR\",\"@id\":\"https:\/\/www.caman.swiss\/fr\/#\/schema\/person\/image\/\",\"url\":\"https:\/\/secure.gravatar.com\/avatar\/cdb1412ff896e6afdc30bf540715ccd055465a7832cd10588733f16875c160fc?s=96&d=mm&r=g\",\"contentUrl\":\"https:\/\/secure.gravatar.com\/avatar\/cdb1412ff896e6afdc30bf540715ccd055465a7832cd10588733f16875c160fc?s=96&d=mm&r=g\",\"caption\":\"S\u00e9bastien Angot\"}}]}<\/script>\n<!-- \/ Yoast SEO Premium plugin. -->","yoast_head_json":{"title":"Caman : Histoire d'une marque Suisse","description":"La marque Caman est originaire des Alpes suisses, o\u00f9 un directeur de la photographie cherchait un \u00e9quipement cam\u00e9ra meilleur et plus confortable.","robots":{"index":"index","follow":"follow","max-snippet":"max-snippet:-1","max-image-preview":"max-image-preview:large","max-video-preview":"max-video-preview:-1"},"canonical":"https:\/\/www.caman.swiss\/fr\/histoire-de-caman\/","og_locale":"fr_FR","og_type":"article","og_title":"L'histoire de Caman","og_description":"Origines 2007 \u00e0 Sion en Suisse, Camille Cottagnoud est un chef-op\u00e9rateur exigeant et cr\u00e9atif. En tant que professionnel de l\u2019image exp\u00e9riment\u00e9, il se rend","og_url":"https:\/\/www.caman.swiss\/fr\/histoire-de-caman\/","og_site_name":"Caman","article_publisher":"https:\/\/www.facebook.com\/Caman.Swiss","article_published_time":"2020-09-29T12:57:00+00:00","article_modified_time":"2023-01-11T11:27:23+00:00","og_image":[{"width":1200,"height":800,"url":"https:\/\/www.caman.swiss\/wp-content\/uploads\/2020\/09\/Caman-the-history-of-this-swiss-innovation.jpg","type":"image\/jpeg"}],"author":"S\u00e9bastien Angot","twitter_card":"summary_large_image","twitter_creator":"@CamanSwiss","twitter_site":"@CamanSwiss","twitter_misc":{"\u00c9crit par":"S\u00e9bastien Angot","Dur\u00e9e de lecture estim\u00e9e":"3 minutes"},"schema":{"@context":"https:\/\/schema.org","@graph":[{"@type":"Article","@id":"https:\/\/www.caman.swiss\/fr\/histoire-de-caman\/#article","isPartOf":{"@id":"https:\/\/www.caman.swiss\/fr\/histoire-de-caman\/"},"author":{"name":"S\u00e9bastien Angot","@id":"https:\/\/www.caman.swiss\/fr\/#\/schema\/person\/853b5a072ef0a740663dd9493e04ff6d"},"headline":"L&rsquo;histoire de Caman","datePublished":"2020-09-29T12:57:00+00:00","dateModified":"2023-01-11T11:27:23+00:00","mainEntityOfPage":{"@id":"https:\/\/www.caman.swiss\/fr\/histoire-de-caman\/"},"wordCount":659,"publisher":{"@id":"https:\/\/www.caman.swiss\/fr\/#organization"},"image":{"@id":"https:\/\/www.caman.swiss\/fr\/histoire-de-caman\/#primaryimage"},"thumbnailUrl":"https:\/\/www.caman.swiss\/wp-content\/uploads\/2020\/09\/Caman-the-history-of-this-swiss-innovation.jpg","articleSection":["Blog"],"inLanguage":"fr-FR"},{"@type":"WebPage","@id":"https:\/\/www.caman.swiss\/fr\/histoire-de-caman\/","url":"https:\/\/www.caman.swiss\/fr\/histoire-de-caman\/","name":"Caman : Histoire d'une marque Suisse","isPartOf":{"@id":"https:\/\/www.caman.swiss\/fr\/#website"},"primaryImageOfPage":{"@id":"https:\/\/www.caman.swiss\/fr\/histoire-de-caman\/#primaryimage"},"image":{"@id":"https:\/\/www.caman.swiss\/fr\/histoire-de-caman\/#primaryimage"},"thumbnailUrl":"https:\/\/www.caman.swiss\/wp-content\/uploads\/2020\/09\/Caman-the-history-of-this-swiss-innovation.jpg","datePublished":"2020-09-29T12:57:00+00:00","dateModified":"2023-01-11T11:27:23+00:00","description":"La marque Caman est originaire des Alpes suisses, o\u00f9 un directeur de la photographie cherchait un \u00e9quipement cam\u00e9ra meilleur et plus confortable.","breadcrumb":{"@id":"https:\/\/www.caman.swiss\/fr\/histoire-de-caman\/#breadcrumb"},"inLanguage":"fr-FR","potentialAction":[{"@type":"ReadAction","target":["https:\/\/www.caman.swiss\/fr\/histoire-de-caman\/"]}]},{"@type":"ImageObject","inLanguage":"fr-FR","@id":"https:\/\/www.caman.swiss\/fr\/histoire-de-caman\/#primaryimage","url":"https:\/\/www.caman.swiss\/wp-content\/uploads\/2020\/09\/Caman-the-history-of-this-swiss-innovation.jpg","contentUrl":"https:\/\/www.caman.swiss\/wp-content\/uploads\/2020\/09\/Caman-the-history-of-this-swiss-innovation.jpg","width":1200,"height":800},{"@type":"BreadcrumbList","@id":"https:\/\/www.caman.swiss\/fr\/histoire-de-caman\/#breadcrumb","itemListElement":[{"@type":"ListItem","position":1,"name":"Accueil","item":"https:\/\/www.caman.swiss\/fr\/"},{"@type":"ListItem","position":2,"name":"L&rsquo;histoire de Caman"}]},{"@type":"WebSite","@id":"https:\/\/www.caman.swiss\/fr\/#website","url":"https:\/\/www.caman.swiss\/fr\/","name":"Caman.Swiss","description":"Handle it!","publisher":{"@id":"https:\/\/www.caman.swiss\/fr\/#organization"},"potentialAction":[{"@type":"SearchAction","target":{"@type":"EntryPoint","urlTemplate":"https:\/\/www.caman.swiss\/fr\/?s={search_term_string}"},"query-input":{"@type":"PropertyValueSpecification","valueRequired":true,"valueName":"search_term_string"}}],"inLanguage":"fr-FR"},{"@type":"Organization","@id":"https:\/\/www.caman.swiss\/fr\/#organization","name":"Caman.Swiss","alternateName":"CameraTools Ltd (Switzerland)","url":"https:\/\/www.caman.swiss\/fr\/","logo":{"@type":"ImageObject","inLanguage":"fr-FR","@id":"https:\/\/www.caman.swiss\/fr\/#\/schema\/logo\/image\/","url":"https:\/\/www.caman.swiss\/wp-content\/uploads\/2022\/12\/Logo_Caman_noir_137px.svg","contentUrl":"https:\/\/www.caman.swiss\/wp-content\/uploads\/2022\/12\/Logo_Caman_noir_137px.svg","width":"1024","height":"1024","caption":"Caman.Swiss"},"image":{"@id":"https:\/\/www.caman.swiss\/fr\/#\/schema\/logo\/image\/"},"sameAs":["https:\/\/www.facebook.com\/Caman.Swiss","https:\/\/x.com\/CamanSwiss","https:\/\/www.instagram.com\/Caman.Swiss","https:\/\/www.linkedin.com\/company\/caman-swiss\/","https:\/\/www.youtube.com\/channel\/UCMdqKvS3KJMB_f0sCmLTikg"]},{"@type":"Person","@id":"https:\/\/www.caman.swiss\/fr\/#\/schema\/person\/853b5a072ef0a740663dd9493e04ff6d","name":"S\u00e9bastien Angot","image":{"@type":"ImageObject","inLanguage":"fr-FR","@id":"https:\/\/www.caman.swiss\/fr\/#\/schema\/person\/image\/","url":"https:\/\/secure.gravatar.com\/avatar\/cdb1412ff896e6afdc30bf540715ccd055465a7832cd10588733f16875c160fc?s=96&d=mm&r=g","contentUrl":"https:\/\/secure.gravatar.com\/avatar\/cdb1412ff896e6afdc30bf540715ccd055465a7832cd10588733f16875c160fc?s=96&d=mm&r=g","caption":"S\u00e9bastien Angot"}}]}},"_links":{"self":[{"href":"https:\/\/www.caman.swiss\/fr\/wp-json\/wp\/v2\/posts\/8666","targetHints":{"allow":["GET"]}}],"collection":[{"href":"https:\/\/www.caman.swiss\/fr\/wp-json\/wp\/v2\/posts"}],"about":[{"href":"https:\/\/www.caman.swiss\/fr\/wp-json\/wp\/v2\/types\/post"}],"author":[{"embeddable":true,"href":"https:\/\/www.caman.swiss\/fr\/wp-json\/wp\/v2\/users\/1"}],"replies":[{"embeddable":true,"href":"https:\/\/www.caman.swiss\/fr\/wp-json\/wp\/v2\/comments?post=8666"}],"version-history":[{"count":0,"href":"https:\/\/www.caman.swiss\/fr\/wp-json\/wp\/v2\/posts\/8666\/revisions"}],"wp:featuredmedia":[{"embeddable":true,"href":"https:\/\/www.caman.swiss\/fr\/wp-json\/wp\/v2\/media\/8864"}],"wp:attachment":[{"href":"https:\/\/www.caman.swiss\/fr\/wp-json\/wp\/v2\/media?parent=8666"}],"wp:term":[{"taxonomy":"category","embeddable":true,"href":"https:\/\/www.caman.swiss\/fr\/wp-json\/wp\/v2\/categories?post=8666"},{"taxonomy":"post_tag","embeddable":true,"href":"https:\/\/www.caman.swiss\/fr\/wp-json\/wp\/v2\/tags?post=8666"}],"curies":[{"name":"wp","href":"https:\/\/api.w.org\/{rel}","templated":true}]}}